{"id":20627,"date":"2026-08-31T15:58:03","date_gmt":"2026-08-31T13:58:03","guid":{"rendered":"https:\/\/www.swiss-schools.ch\/?p=20627"},"modified":"2026-08-31T15:59:16","modified_gmt":"2026-08-31T13:59:16","slug":"conference-dautomne-2026-quand-lia-devient-un-compagnon","status":"publish","type":"post","link":"https:\/\/www.swiss-schools.ch\/fr\/conference-dautomne-2026-quand-lia-devient-un-compagnon\/","title":{"rendered":"Conf\u00e9rence d&rsquo;automne 2026 : Quand l&rsquo;IA devient un compagnon"},"content":{"rendered":"<div class=\"entry\">\n<p><a href=\"https:\/\/www.swiss-schools.ch\/wp-content\/uploads\/2026\/08\/FRENCH-FSPS-Autumn-Conference-2026.pdf\" target=\"_blank\" rel=\"noopener\"><img loading=\"lazy\" decoding=\"async\" class=\"alignleft wp-image-20616\" src=\"https:\/\/www.swiss-schools.ch\/wp-content\/uploads\/2026\/08\/Flyer-Tagung-2_FR.png\" alt=\"\" width=\"400\" height=\"572\" srcset=\"https:\/\/www.swiss-schools.ch\/wp-content\/uploads\/2026\/08\/Flyer-Tagung-2_FR.png 634w, https:\/\/www.swiss-schools.ch\/wp-content\/uploads\/2026\/08\/Flyer-Tagung-2_FR-210x300.png 210w\" sizes=\"auto, (max-width: 400px) 100vw, 400px\" \/><\/a>La Conf\u00e9rence d&rsquo;automne 2026 de la FSEP sera consacr\u00e9e \u00e0 une question appel\u00e9e \u00e0 prendre une importance croissante pour les \u00e9tablissements scolaires : que se passe-t-il lorsque l&rsquo;intelligence artificielle n&rsquo;appara\u00eet plus seulement comme un outil, mais comme un v\u00e9ritable compagnon ?<\/p>\n<div>\n<p>\u00c0 travers cette conf\u00e9rence, la FSEP invite les directions d&rsquo;\u00e9tablissement \u00e0 r\u00e9fl\u00e9chir aux opportunit\u00e9s, aux risques et aux responsabilit\u00e9s li\u00e9s \u00e0 l&rsquo;utilisation des compagnons IA dans le contexte scolaire. L&rsquo;objectif est d&rsquo;explorer comment int\u00e9grer ces technologies de mani\u00e8re responsable, centr\u00e9e sur l&rsquo;humain et pertinente sur le plan p\u00e9dagogique.<\/p>\n<p>La conf\u00e9rence accueillera notamment Michael Gerlich, sp\u00e9cialiste reconnu des effets de l&rsquo;intelligence artificielle sur le jugement et la prise de d\u00e9cision. Yann Houry, de l&rsquo;Institut Florimont \u00e0 Gen\u00e8ve, pr\u00e9sentera quant \u00e0 lui l&rsquo;exp\u00e9rience et les r\u00e9flexions d&rsquo;une \u00e9cole membre de la FSEP. L&rsquo;\u00e9v\u00e9nement sera ouvert par le pr\u00e9sident de la FSEP, le conseiller national Gerhard Pfister.<\/p>\n<p><a href=\"https:\/\/forms.cloud.microsoft\/e\/HuM1MTy29a\" target=\"_blank\" rel=\"noopener\"><strong>Vers l&rsquo;inscription<\/strong><\/a><\/p>\n<\/div>\n<\/div>\n","protected":false},"excerpt":{"rendered":"<p>La Conf\u00e9rence d&rsquo;automne 2026 de la FSEP sera consacr\u00e9e \u00e0 une question appel\u00e9e \u00e0 prendre une importance croissante pour les \u00e9tablissements scolaires : que se passe-t-il lorsque l&rsquo;intelligence artificielle n&rsquo;appara\u00eet plus seulement comme un outil, mais comme un v\u00e9ritable compagnon ? \u00c0 travers cette conf\u00e9rence, la FSEP invite les directions d&rsquo;\u00e9tablissement \u00e0 r\u00e9fl\u00e9chir aux opportunit\u00e9s, &#8230;<\/p>\n","protected":false},"author":15,"featured_media":0,"comment_status":"open","ping_status":"open","sticky":false,"template":"","format":"standard","meta":{"_acf_changed":false,"_seopress_titles_title":"","_seopress_titles_desc":"","_seopress_robots_index":"","_seopress_robots_follow":"","_seopress_robots_imageindex":"","_seopress_robots_snippet":"","_seopress_robots_primary_cat":"","_seopress_robots_breadcrumbs":"","_seopress_robots_freeze_modified_date":"","_seopress_robots_custom_modified_date":"","_seopress_robots_canonical":"","_seopress_social_fb_title":"","_seopress_social_fb_desc":"","_seopress_social_fb_img":"","_seopress_social_fb_img_attachment_id":0,"_seopress_social_fb_img_width":0,"_seopress_social_fb_img_height":0,"_seopress_social_twitter_title":"","_seopress_social_twitter_desc":"","_seopress_social_twitter_img":"","_seopress_social_twitter_img_attachment_id":0,"_seopress_social_twitter_img_width":0,"_seopress_social_twitter_img_height":0,"_seopress_redirections_value":"","_seopress_redirections_enabled":"","_seopress_redirections_enabled_regex":"","_seopress_redirections_logged_status":"","_seopress_redirections_param":"","_seopress_redirections_type":0,"_seopress_analysis_target_kw":"","footnotes":""},"categories":[71],"tags":[],"class_list":["post-20627","post","type-post","status-publish","format-standard","category-news-fr","anons"],"acf":[],"_links":{"self":[{"href":"https:\/\/www.swiss-schools.ch\/fr\/wp-json\/wp\/v2\/posts\/20627","targetHints":{"allow":["GET"]}}],"collection":[{"href":"https:\/\/www.swiss-schools.ch\/fr\/wp-json\/wp\/v2\/posts"}],"about":[{"href":"https:\/\/www.swiss-schools.ch\/fr\/wp-json\/wp\/v2\/types\/post"}],"author":[{"embeddable":true,"href":"https:\/\/www.swiss-schools.ch\/fr\/wp-json\/wp\/v2\/users\/15"}],"replies":[{"embeddable":true,"href":"https:\/\/www.swiss-schools.ch\/fr\/wp-json\/wp\/v2\/comments?post=20627"}],"version-history":[{"count":2,"href":"https:\/\/www.swiss-schools.ch\/fr\/wp-json\/wp\/v2\/posts\/20627\/revisions"}],"predecessor-version":[{"id":20629,"href":"https:\/\/www.swiss-schools.ch\/fr\/wp-json\/wp\/v2\/posts\/20627\/revisions\/20629"}],"wp:attachment":[{"href":"https:\/\/www.swiss-schools.ch\/fr\/wp-json\/wp\/v2\/media?parent=20627"}],"wp:term":[{"taxonomy":"category","embeddable":true,"href":"https:\/\/www.swiss-schools.ch\/fr\/wp-json\/wp\/v2\/categories?post=20627"},{"taxonomy":"post_tag","embeddable":true,"href":"https:\/\/www.swiss-schools.ch\/fr\/wp-json\/wp\/v2\/tags?post=20627"}],"curies":[{"name":"wp","href":"https:\/\/api.w.org\/{rel}","templated":true}]}}